{"@context":"https:\/\/schema.org\/","@type":"CollectionPage","@id":"https:\/\/www.safs.sk\/tovar\/#CollectionPage","headline":"Tovar Category","description":"","url":"https:\/\/www.safs.sk\/tovar\/","hasPart":[{"@type":"Article","@id":"https:\/\/www.safs.sk\/na-co-sa-oplati-zamerat-pocas-sezony-zliav-mini-sprievodca-kvalitou\/","headline":"Na \u010do sa oplat\u00ed zamera\u0165 po\u010das sez\u00f3ny zliav \u2013 mini sprievodca kvalitou","url":"https:\/\/www.safs.sk\/na-co-sa-oplati-zamerat-pocas-sezony-zliav-mini-sprievodca-kvalitou\/","datePublished":"2025-11-09","dateModified":"2025-11-09","mainEntityOfPage":"https:\/\/www.safs.sk\/na-co-sa-oplati-zamerat-pocas-sezony-zliav-mini-sprievodca-kvalitou\/","author":{"@type":"Person","@id":"https:\/\/www.safs.sk\/author\/#Person","name":"","url":"https:\/\/www.safs.sk\/author\/","identifier":1,"image":{"@type":"ImageObject","@id":"https:\/\/secure.gravatar.com\/avatar\/60cfa630c84b6c399b95e807e4bc5b6bfe4f26a47dceacbf179d7148760edc6a?s=96&d=mm&r=g","url":"https:\/\/secure.gravatar.com\/avatar\/60cfa630c84b6c399b95e807e4bc5b6bfe4f26a47dceacbf179d7148760edc6a?s=96&d=mm&r=g","height":96,"width":96}},"publisher":{"@type":"Organization","name":"safs.sk","logo":{"@type":"ImageObject","@id":"\/logo.png","url":"\/logo.png","width":600,"height":60}},"image":{"@type":"ImageObject","@id":"https:\/\/www.safs.sk\/wp-content\/uploads\/medicineblackfridaylistopad202544_F31r9y.png","url":"https:\/\/www.safs.sk\/wp-content\/uploads\/medicineblackfridaylistopad202544_F31r9y.png","height":0,"width":0},"keywords":null},{"@type":"Article","@id":"https:\/\/www.safs.sk\/z-mastale-az-na-pult-s-cukrovinkami\/","headline":"Z ma\u0161tale a\u017e na pult s cukrovinkami","url":"https:\/\/www.safs.sk\/z-mastale-az-na-pult-s-cukrovinkami\/","datePublished":"2025-03-02","dateModified":"2023-04-28","mainEntityOfPage":"https:\/\/www.safs.sk\/z-mastale-az-na-pult-s-cukrovinkami\/","author":{"@type":"Person","@id":"https:\/\/www.safs.sk\/author\/#Person","name":"","url":"https:\/\/www.safs.sk\/author\/","identifier":1,"image":{"@type":"ImageObject","@id":"https:\/\/secure.gravatar.com\/avatar\/60cfa630c84b6c399b95e807e4bc5b6bfe4f26a47dceacbf179d7148760edc6a?s=96&d=mm&r=g","url":"https:\/\/secure.gravatar.com\/avatar\/60cfa630c84b6c399b95e807e4bc5b6bfe4f26a47dceacbf179d7148760edc6a?s=96&d=mm&r=g","height":96,"width":96}},"publisher":{"@type":"Organization","name":"safs.sk","logo":{"@type":"ImageObject","@id":"\/logo.png","url":"\/logo.png","width":600,"height":60}},"image":{"@type":"ImageObject","@id":"https:\/\/www.safs.sk\/wp-content\/uploads\/img_a296760_w16799_t1549989224.jpg","url":"https:\/\/www.safs.sk\/wp-content\/uploads\/img_a296760_w16799_t1549989224.jpg","height":0,"width":0},"keywords":null},{"@type":"Article","@id":"https:\/\/www.safs.sk\/aka-je-tajomstvo-uspechu-voni-od-chanel\/","headline":"Ak\u00e1 je tajomstvo \u00faspechu v\u00f4n\u00ed od Chanel?","url":"https:\/\/www.safs.sk\/aka-je-tajomstvo-uspechu-voni-od-chanel\/","datePublished":"2024-07-24","dateModified":"2024-07-24","mainEntityOfPage":"https:\/\/www.safs.sk\/aka-je-tajomstvo-uspechu-voni-od-chanel\/","author":{"@type":"Person","@id":"https:\/\/www.safs.sk\/author\/#Person","name":"","url":"https:\/\/www.safs.sk\/author\/","identifier":1,"image":{"@type":"ImageObject","@id":"https:\/\/secure.gravatar.com\/avatar\/60cfa630c84b6c399b95e807e4bc5b6bfe4f26a47dceacbf179d7148760edc6a?s=96&d=mm&r=g","url":"https:\/\/secure.gravatar.com\/avatar\/60cfa630c84b6c399b95e807e4bc5b6bfe4f26a47dceacbf179d7148760edc6a?s=96&d=mm&r=g","height":96,"width":96}},"publisher":{"@type":"Organization","name":"safs.sk","logo":{"@type":"ImageObject","@id":"\/logo.png","url":"\/logo.png","width":600,"height":60}},"image":{"@type":"ImageObject","@id":"https:\/\/www.safs.sk\/wp-content\/uploads\/chanel_HTE3Wg.jpg","url":"https:\/\/www.safs.sk\/wp-content\/uploads\/chanel_HTE3Wg.jpg","height":0,"width":0},"keywords":null},{"@type":"Article","@id":"https:\/\/www.safs.sk\/prepravky-a-sudy-do-kazdej-domacnosti\/","headline":"Prepravky a sudy do ka\u017edej dom\u00e1cnosti","url":"https:\/\/www.safs.sk\/prepravky-a-sudy-do-kazdej-domacnosti\/","datePublished":"2024-04-23","dateModified":"2024-04-23","mainEntityOfPage":"https:\/\/www.safs.sk\/prepravky-a-sudy-do-kazdej-domacnosti\/","author":{"@type":"Person","@id":"https:\/\/www.safs.sk\/author\/#Person","name":"","url":"https:\/\/www.safs.sk\/author\/","identifier":1,"image":{"@type":"ImageObject","@id":"https:\/\/secure.gravatar.com\/avatar\/60cfa630c84b6c399b95e807e4bc5b6bfe4f26a47dceacbf179d7148760edc6a?s=96&d=mm&r=g","url":"https:\/\/secure.gravatar.com\/avatar\/60cfa630c84b6c399b95e807e4bc5b6bfe4f26a47dceacbf179d7148760edc6a?s=96&d=mm&r=g","height":96,"width":96}},"publisher":{"@type":"Organization","name":"safs.sk","logo":{"@type":"ImageObject","@id":"\/logo.png","url":"\/logo.png","width":600,"height":60}},"image":{"@type":"ImageObject","@id":"https:\/\/www.safs.sk\/wp-content\/uploads\/161575219_1.jpg","url":"https:\/\/www.safs.sk\/wp-content\/uploads\/161575219_1.jpg","height":0,"width":0},"keywords":null},{"@type":"Article","@id":"https:\/\/www.safs.sk\/inteligentne-hodinky-alebo-inteligentny-naramok-co-sa-skor-oplati-zaobstarat-na-meranie-pohybovej-aktivity\/","headline":"Inteligentn\u00e9 hodinky alebo inteligentn\u00fd n\u00e1ramok? \u010co sa sk\u00f4r oplat\u00ed zaobstara\u0165 na meranie pohybovej aktivity?","url":"https:\/\/www.safs.sk\/inteligentne-hodinky-alebo-inteligentny-naramok-co-sa-skor-oplati-zaobstarat-na-meranie-pohybovej-aktivity\/","datePublished":"2023-03-12","dateModified":"2023-04-28","mainEntityOfPage":"https:\/\/www.safs.sk\/inteligentne-hodinky-alebo-inteligentny-naramok-co-sa-skor-oplati-zaobstarat-na-meranie-pohybovej-aktivity\/","author":{"@type":"Person","@id":"https:\/\/www.safs.sk\/author\/#Person","name":"","url":"https:\/\/www.safs.sk\/author\/","identifier":1,"image":{"@type":"ImageObject","@id":"https:\/\/secure.gravatar.com\/avatar\/60cfa630c84b6c399b95e807e4bc5b6bfe4f26a47dceacbf179d7148760edc6a?s=96&d=mm&r=g","url":"https:\/\/secure.gravatar.com\/avatar\/60cfa630c84b6c399b95e807e4bc5b6bfe4f26a47dceacbf179d7148760edc6a?s=96&d=mm&r=g","height":96,"width":96}},"publisher":{"@type":"Organization","name":"safs.sk","logo":{"@type":"ImageObject","@id":"\/logo.png","url":"\/logo.png","width":600,"height":60}},"image":{"@type":"ImageObject","@id":"https:\/\/www.safs.sk\/wp-content\/uploads\/apple_mULn7j.jpg","url":"https:\/\/www.safs.sk\/wp-content\/uploads\/apple_mULn7j.jpg","height":0,"width":0},"keywords":null},{"@type":"Article","@id":"https:\/\/www.safs.sk\/plastove-ulozne-boxy-s-vekom-na-skladovanie-tovaru\/","headline":"Plastov\u00e9 \u00falo\u017en\u00e9 boxy s vekom na skladovanie tovaru","url":"https:\/\/www.safs.sk\/plastove-ulozne-boxy-s-vekom-na-skladovanie-tovaru\/","datePublished":"2023-02-13","dateModified":"2023-11-20","mainEntityOfPage":"https:\/\/www.safs.sk\/plastove-ulozne-boxy-s-vekom-na-skladovanie-tovaru\/","author":{"@type":"Person","@id":"https:\/\/www.safs.sk\/author\/#Person","name":"","url":"https:\/\/www.safs.sk\/author\/","identifier":1,"image":{"@type":"ImageObject","@id":"https:\/\/secure.gravatar.com\/avatar\/60cfa630c84b6c399b95e807e4bc5b6bfe4f26a47dceacbf179d7148760edc6a?s=96&d=mm&r=g","url":"https:\/\/secure.gravatar.com\/avatar\/60cfa630c84b6c399b95e807e4bc5b6bfe4f26a47dceacbf179d7148760edc6a?s=96&d=mm&r=g","height":96,"width":96}},"publisher":{"@type":"Organization","name":"safs.sk","logo":{"@type":"ImageObject","@id":"\/logo.png","url":"\/logo.png","width":600,"height":60}},"image":{"@type":"ImageObject","@id":"https:\/\/www.safs.sk\/wp-content\/uploads\/plastic-1735726_1280.png","url":"https:\/\/www.safs.sk\/wp-content\/uploads\/plastic-1735726_1280.png","height":0,"width":0},"keywords":null},{"@type":"Article","@id":"https:\/\/www.safs.sk\/energiu-zo-slnka-mozete-vyuzivat-vo-svojej-domacnosti\/","headline":"Energiu zo slnka m\u00f4\u017eete vyu\u017e\u00edva\u0165 vo svojej dom\u00e1cnosti","url":"https:\/\/www.safs.sk\/energiu-zo-slnka-mozete-vyuzivat-vo-svojej-domacnosti\/","datePublished":"2023-01-22","dateModified":"2023-10-25","mainEntityOfPage":"https:\/\/www.safs.sk\/energiu-zo-slnka-mozete-vyuzivat-vo-svojej-domacnosti\/","author":{"@type":"Person","@id":"https:\/\/www.safs.sk\/author\/#Person","name":"","url":"https:\/\/www.safs.sk\/author\/","identifier":1,"image":{"@type":"ImageObject","@id":"https:\/\/secure.gravatar.com\/avatar\/60cfa630c84b6c399b95e807e4bc5b6bfe4f26a47dceacbf179d7148760edc6a?s=96&d=mm&r=g","url":"https:\/\/secure.gravatar.com\/avatar\/60cfa630c84b6c399b95e807e4bc5b6bfe4f26a47dceacbf179d7148760edc6a?s=96&d=mm&r=g","height":96,"width":96}},"publisher":{"@type":"Organization","name":"safs.sk","logo":{"@type":"ImageObject","@id":"\/logo.png","url":"\/logo.png","width":600,"height":60}},"image":{"@type":"ImageObject","@id":"https:\/\/www.safs.sk\/wp-content\/uploads\/solarni_panel_fn3IoE.jpg","url":"https:\/\/www.safs.sk\/wp-content\/uploads\/solarni_panel_fn3IoE.jpg","height":0,"width":0},"keywords":null},{"@type":"Article","@id":"https:\/\/www.safs.sk\/horske-bicykle-pre-vsetky-kategorie-cyklistov\/","headline":"Horsk\u00e9 bicykle pre v\u0161etky kateg\u00f3rie cyklistov","url":"https:\/\/www.safs.sk\/horske-bicykle-pre-vsetky-kategorie-cyklistov\/","datePublished":"2022-12-20","dateModified":"2023-04-28","mainEntityOfPage":"https:\/\/www.safs.sk\/horske-bicykle-pre-vsetky-kategorie-cyklistov\/","author":{"@type":"Person","@id":"https:\/\/www.safs.sk\/author\/#Person","name":"","url":"https:\/\/www.safs.sk\/author\/","identifier":1,"image":{"@type":"ImageObject","@id":"https:\/\/secure.gravatar.com\/avatar\/60cfa630c84b6c399b95e807e4bc5b6bfe4f26a47dceacbf179d7148760edc6a?s=96&d=mm&r=g","url":"https:\/\/secure.gravatar.com\/avatar\/60cfa630c84b6c399b95e807e4bc5b6bfe4f26a47dceacbf179d7148760edc6a?s=96&d=mm&r=g","height":96,"width":96}},"publisher":{"@type":"Organization","name":"safs.sk","logo":{"@type":"ImageObject","@id":"\/logo.png","url":"\/logo.png","width":600,"height":60}},"image":{"@type":"ImageObject","@id":"https:\/\/www.safs.sk\/wp-content\/uploads\/horska_kola_6USdLr.jpg","url":"https:\/\/www.safs.sk\/wp-content\/uploads\/horska_kola_6USdLr.jpg","height":0,"width":0},"keywords":null},{"@type":"Article","@id":"https:\/\/www.safs.sk\/dvere-ako-bezpecnostny-ale-aj-dizajnovy-prvok\/","headline":"Dvere ako bezpe\u010dnostn\u00fd, ale aj dizajnov\u00fd prvok","url":"https:\/\/www.safs.sk\/dvere-ako-bezpecnostny-ale-aj-dizajnovy-prvok\/","datePublished":"2022-12-20","dateModified":"2023-04-28","mainEntityOfPage":"https:\/\/www.safs.sk\/dvere-ako-bezpecnostny-ale-aj-dizajnovy-prvok\/","author":{"@type":"Person","@id":"https:\/\/www.safs.sk\/author\/#Person","name":"","url":"https:\/\/www.safs.sk\/author\/","identifier":1,"image":{"@type":"ImageObject","@id":"https:\/\/secure.gravatar.com\/avatar\/60cfa630c84b6c399b95e807e4bc5b6bfe4f26a47dceacbf179d7148760edc6a?s=96&d=mm&r=g","url":"https:\/\/secure.gravatar.com\/avatar\/60cfa630c84b6c399b95e807e4bc5b6bfe4f26a47dceacbf179d7148760edc6a?s=96&d=mm&r=g","height":96,"width":96}},"publisher":{"@type":"Organization","name":"safs.sk","logo":{"@type":"ImageObject","@id":"\/logo.png","url":"\/logo.png","width":600,"height":60}},"image":{"@type":"ImageObject","@id":"https:\/\/www.safs.sk\/wp-content\/uploads\/dvere_iISEFu.jpg","url":"https:\/\/www.safs.sk\/wp-content\/uploads\/dvere_iISEFu.jpg","height":0,"width":0},"keywords":null},{"@type":"Article","@id":"https:\/\/www.safs.sk\/prevadzkujete-restauracne-zariadenie-v-tom-pripade-by-ste-mali-zabezpecit-zber-kuchynskeho-oleja\/","headline":"Prev\u00e1dzkujete re\u0161taura\u010dn\u00e9 zariadenie? V tom pr\u00edpade by ste mali zabezpe\u010di\u0165 zber kuchynsk\u00e9ho oleja.","url":"https:\/\/www.safs.sk\/prevadzkujete-restauracne-zariadenie-v-tom-pripade-by-ste-mali-zabezpecit-zber-kuchynskeho-oleja\/","datePublished":"2022-12-18","dateModified":"2023-04-28","mainEntityOfPage":"https:\/\/www.safs.sk\/prevadzkujete-restauracne-zariadenie-v-tom-pripade-by-ste-mali-zabezpecit-zber-kuchynskeho-oleja\/","author":{"@type":"Person","@id":"https:\/\/www.safs.sk\/author\/#Person","name":"","url":"https:\/\/www.safs.sk\/author\/","identifier":1,"image":{"@type":"ImageObject","@id":"https:\/\/secure.gravatar.com\/avatar\/60cfa630c84b6c399b95e807e4bc5b6bfe4f26a47dceacbf179d7148760edc6a?s=96&d=mm&r=g","url":"https:\/\/secure.gravatar.com\/avatar\/60cfa630c84b6c399b95e807e4bc5b6bfe4f26a47dceacbf179d7148760edc6a?s=96&d=mm&r=g","height":96,"width":96}},"publisher":{"@type":"Organization","name":"safs.sk","logo":{"@type":"ImageObject","@id":"\/logo.png","url":"\/logo.png","width":600,"height":60}},"image":{"@type":"ImageObject","@id":"https:\/\/www.safs.sk\/wp-content\/uploads\/panvicka_d4kAwq.jpg","url":"https:\/\/www.safs.sk\/wp-content\/uploads\/panvicka_d4kAwq.jpg","height":0,"width":0},"keywords":null}]}