[{"@context":"https:\/\/schema.org\/","@type":"Blog","@id":"https:\/\/www.safs.sk#Blog","headline":"Safs","description":"\nNud\u00edte sa a h\u013ead\u00e1te m\u00e1rne vo svojej ta\u0161ke nie\u010do na \u010d\u00edtanie? Nech u\u017e ste v pr\u00e1ci, doma, na cest\u00e1ch \u010di u lek\u00e1ra, tak na ka\u017ed\u00fa pr\u00edle\u017eitos\u0165 a v ktor\u00fako\u013evek dobu je pre v\u00e1s pripraven\u00fd n\u00e1\u0161 online magaz\u00edn, ktor\u00fd m\u00e1 pre v\u00e1s pestr\u00e9 \u010d\u00edtanie.","url":"https:\/\/www.safs.sk","hasPart":[{"@type":"Article","@id":"https:\/\/www.safs.sk\/cistenie-fasad-bytoviek-vyssia-atraktivita-lepsia-kvalita-a-dlhsia-zivotnost-pre-fasady-bytovych-domov\/","headline":"\u010cistenie fas\u00e1d bytoviek: Vy\u0161\u0161ia atraktivita, lep\u0161ia kvalita a dlh\u0161ia \u017eivotnos\u0165 pre fas\u00e1dy bytov\u00fdch domov","url":"https:\/\/www.safs.sk\/cistenie-fasad-bytoviek-vyssia-atraktivita-lepsia-kvalita-a-dlhsia-zivotnost-pre-fasady-bytovych-domov\/","datePublished":"2023-08-14","dateModified":"2023-08-10","mainEntityOfPage":"https:\/\/www.safs.sk\/cistenie-fasad-bytoviek-vyssia-atraktivita-lepsia-kvalita-a-dlhsia-zivotnost-pre-fasady-bytovych-domov\/","author":{"@type":"Person","@id":"https:\/\/www.safs.sk\/author\/#Person","name":"","url":"https:\/\/www.safs.sk\/author\/","identifier":1,"image":{"@type":"ImageObject","@id":"https:\/\/secure.gravatar.com\/avatar\/60cfa630c84b6c399b95e807e4bc5b6bfe4f26a47dceacbf179d7148760edc6a?s=96&d=mm&r=g","url":"https:\/\/secure.gravatar.com\/avatar\/60cfa630c84b6c399b95e807e4bc5b6bfe4f26a47dceacbf179d7148760edc6a?s=96&d=mm&r=g","height":96,"width":96}},"publisher":{"@type":"Organization","name":"safs.sk","logo":{"@type":"ImageObject","@id":"\/logo.png","url":"\/logo.png","width":600,"height":60}},"image":{"@type":"ImageObject","@id":"https:\/\/www.safs.sk\/wp-content\/uploads\/bytovy_dum_jerWtK.jpg","url":"https:\/\/www.safs.sk\/wp-content\/uploads\/bytovy_dum_jerWtK.jpg","height":0,"width":0},"wordCount":744,"keywords":null},{"@type":"Article","@id":"https:\/\/www.safs.sk\/mobilny-dom-zmeni-vasi-zahradu-na-prijemne-miesto\/","headline":"Mobiln\u00fd dom zmen\u00ed va\u0161i z\u00e1hradu na pr\u00edjemn\u00e9 miesto.","url":"https:\/\/www.safs.sk\/mobilny-dom-zmeni-vasi-zahradu-na-prijemne-miesto\/","datePublished":"2023-04-17","dateModified":"2023-07-22","mainEntityOfPage":"https:\/\/www.safs.sk\/mobilny-dom-zmeni-vasi-zahradu-na-prijemne-miesto\/","author":{"@type":"Person","@id":"https:\/\/www.safs.sk\/author\/#Person","name":"","url":"https:\/\/www.safs.sk\/author\/","identifier":1,"image":{"@type":"ImageObject","@id":"https:\/\/secure.gravatar.com\/avatar\/60cfa630c84b6c399b95e807e4bc5b6bfe4f26a47dceacbf179d7148760edc6a?s=96&d=mm&r=g","url":"https:\/\/secure.gravatar.com\/avatar\/60cfa630c84b6c399b95e807e4bc5b6bfe4f26a47dceacbf179d7148760edc6a?s=96&d=mm&r=g","height":96,"width":96}},"publisher":{"@type":"Organization","name":"safs.sk","logo":{"@type":"ImageObject","@id":"\/logo.png","url":"\/logo.png","width":600,"height":60}},"image":{"@type":"ImageObject","@id":"https:\/\/www.safs.sk\/wp-content\/uploads\/z%C3%A1hradn%C3%A1%20chatka.jpg","url":"https:\/\/www.safs.sk\/wp-content\/uploads\/z%C3%A1hradn%C3%A1%20chatka.jpg","height":0,"width":0},"wordCount":509,"keywords":null},{"@type":"Article","@id":"https:\/\/www.safs.sk\/inteligentne-hodinky-alebo-inteligentny-naramok-co-sa-skor-oplati-zaobstarat-na-meranie-pohybovej-aktivity\/","headline":"Inteligentn\u00e9 hodinky alebo inteligentn\u00fd n\u00e1ramok? \u010co sa sk\u00f4r oplat\u00ed zaobstara\u0165 na meranie pohybovej aktivity?","url":"https:\/\/www.safs.sk\/inteligentne-hodinky-alebo-inteligentny-naramok-co-sa-skor-oplati-zaobstarat-na-meranie-pohybovej-aktivity\/","datePublished":"2023-03-12","dateModified":"2023-04-28","mainEntityOfPage":"https:\/\/www.safs.sk\/inteligentne-hodinky-alebo-inteligentny-naramok-co-sa-skor-oplati-zaobstarat-na-meranie-pohybovej-aktivity\/","author":{"@type":"Person","@id":"https:\/\/www.safs.sk\/author\/#Person","name":"","url":"https:\/\/www.safs.sk\/author\/","identifier":1,"image":{"@type":"ImageObject","@id":"https:\/\/secure.gravatar.com\/avatar\/60cfa630c84b6c399b95e807e4bc5b6bfe4f26a47dceacbf179d7148760edc6a?s=96&d=mm&r=g","url":"https:\/\/secure.gravatar.com\/avatar\/60cfa630c84b6c399b95e807e4bc5b6bfe4f26a47dceacbf179d7148760edc6a?s=96&d=mm&r=g","height":96,"width":96}},"publisher":{"@type":"Organization","name":"safs.sk","logo":{"@type":"ImageObject","@id":"\/logo.png","url":"\/logo.png","width":600,"height":60}},"image":{"@type":"ImageObject","@id":"https:\/\/www.safs.sk\/wp-content\/uploads\/apple_mULn7j.jpg","url":"https:\/\/www.safs.sk\/wp-content\/uploads\/apple_mULn7j.jpg","height":0,"width":0},"wordCount":598,"keywords":null},{"@type":"Article","@id":"https:\/\/www.safs.sk\/plastove-ulozne-boxy-s-vekom-na-skladovanie-tovaru\/","headline":"Plastov\u00e9 \u00falo\u017en\u00e9 boxy s vekom na skladovanie tovaru","url":"https:\/\/www.safs.sk\/plastove-ulozne-boxy-s-vekom-na-skladovanie-tovaru\/","datePublished":"2023-02-13","dateModified":"2023-11-20","mainEntityOfPage":"https:\/\/www.safs.sk\/plastove-ulozne-boxy-s-vekom-na-skladovanie-tovaru\/","author":{"@type":"Person","@id":"https:\/\/www.safs.sk\/author\/#Person","name":"","url":"https:\/\/www.safs.sk\/author\/","identifier":1,"image":{"@type":"ImageObject","@id":"https:\/\/secure.gravatar.com\/avatar\/60cfa630c84b6c399b95e807e4bc5b6bfe4f26a47dceacbf179d7148760edc6a?s=96&d=mm&r=g","url":"https:\/\/secure.gravatar.com\/avatar\/60cfa630c84b6c399b95e807e4bc5b6bfe4f26a47dceacbf179d7148760edc6a?s=96&d=mm&r=g","height":96,"width":96}},"publisher":{"@type":"Organization","name":"safs.sk","logo":{"@type":"ImageObject","@id":"\/logo.png","url":"\/logo.png","width":600,"height":60}},"image":{"@type":"ImageObject","@id":"https:\/\/www.safs.sk\/wp-content\/uploads\/plastic-1735726_1280.png","url":"https:\/\/www.safs.sk\/wp-content\/uploads\/plastic-1735726_1280.png","height":0,"width":0},"wordCount":535,"keywords":null},{"@type":"Article","@id":"https:\/\/www.safs.sk\/energiu-zo-slnka-mozete-vyuzivat-vo-svojej-domacnosti\/","headline":"Energiu zo slnka m\u00f4\u017eete vyu\u017e\u00edva\u0165 vo svojej dom\u00e1cnosti","url":"https:\/\/www.safs.sk\/energiu-zo-slnka-mozete-vyuzivat-vo-svojej-domacnosti\/","datePublished":"2023-01-22","dateModified":"2023-10-25","mainEntityOfPage":"https:\/\/www.safs.sk\/energiu-zo-slnka-mozete-vyuzivat-vo-svojej-domacnosti\/","author":{"@type":"Person","@id":"https:\/\/www.safs.sk\/author\/#Person","name":"","url":"https:\/\/www.safs.sk\/author\/","identifier":1,"image":{"@type":"ImageObject","@id":"https:\/\/secure.gravatar.com\/avatar\/60cfa630c84b6c399b95e807e4bc5b6bfe4f26a47dceacbf179d7148760edc6a?s=96&d=mm&r=g","url":"https:\/\/secure.gravatar.com\/avatar\/60cfa630c84b6c399b95e807e4bc5b6bfe4f26a47dceacbf179d7148760edc6a?s=96&d=mm&r=g","height":96,"width":96}},"publisher":{"@type":"Organization","name":"safs.sk","logo":{"@type":"ImageObject","@id":"\/logo.png","url":"\/logo.png","width":600,"height":60}},"image":{"@type":"ImageObject","@id":"https:\/\/www.safs.sk\/wp-content\/uploads\/solarni_panel_fn3IoE.jpg","url":"https:\/\/www.safs.sk\/wp-content\/uploads\/solarni_panel_fn3IoE.jpg","height":0,"width":0},"wordCount":542,"keywords":null},{"@type":"Article","@id":"https:\/\/www.safs.sk\/tipy-ako-zariadit-obyvacku\/","headline":"Tipy ako zariadi\u0165 ob\u00fdva\u010dku","url":"https:\/\/www.safs.sk\/tipy-ako-zariadit-obyvacku\/","datePublished":"2023-01-08","dateModified":"2024-01-25","mainEntityOfPage":"https:\/\/www.safs.sk\/tipy-ako-zariadit-obyvacku\/","author":{"@type":"Person","@id":"https:\/\/www.safs.sk\/author\/#Person","name":"","url":"https:\/\/www.safs.sk\/author\/","identifier":1,"image":{"@type":"ImageObject","@id":"https:\/\/secure.gravatar.com\/avatar\/60cfa630c84b6c399b95e807e4bc5b6bfe4f26a47dceacbf179d7148760edc6a?s=96&d=mm&r=g","url":"https:\/\/secure.gravatar.com\/avatar\/60cfa630c84b6c399b95e807e4bc5b6bfe4f26a47dceacbf179d7148760edc6a?s=96&d=mm&r=g","height":96,"width":96}},"publisher":{"@type":"Organization","name":"safs.sk","logo":{"@type":"ImageObject","@id":"\/logo.png","url":"\/logo.png","width":600,"height":60}},"image":null,"wordCount":514,"keywords":null},{"@type":"Article","@id":"https:\/\/www.safs.sk\/horske-bicykle-pre-vsetky-kategorie-cyklistov\/","headline":"Horsk\u00e9 bicykle pre v\u0161etky kateg\u00f3rie cyklistov","url":"https:\/\/www.safs.sk\/horske-bicykle-pre-vsetky-kategorie-cyklistov\/","datePublished":"2022-12-20","dateModified":"2023-04-28","mainEntityOfPage":"https:\/\/www.safs.sk\/horske-bicykle-pre-vsetky-kategorie-cyklistov\/","author":{"@type":"Person","@id":"https:\/\/www.safs.sk\/author\/#Person","name":"","url":"https:\/\/www.safs.sk\/author\/","identifier":1,"image":{"@type":"ImageObject","@id":"https:\/\/secure.gravatar.com\/avatar\/60cfa630c84b6c399b95e807e4bc5b6bfe4f26a47dceacbf179d7148760edc6a?s=96&d=mm&r=g","url":"https:\/\/secure.gravatar.com\/avatar\/60cfa630c84b6c399b95e807e4bc5b6bfe4f26a47dceacbf179d7148760edc6a?s=96&d=mm&r=g","height":96,"width":96}},"publisher":{"@type":"Organization","name":"safs.sk","logo":{"@type":"ImageObject","@id":"\/logo.png","url":"\/logo.png","width":600,"height":60}},"image":{"@type":"ImageObject","@id":"https:\/\/www.safs.sk\/wp-content\/uploads\/horska_kola_6USdLr.jpg","url":"https:\/\/www.safs.sk\/wp-content\/uploads\/horska_kola_6USdLr.jpg","height":0,"width":0},"wordCount":543,"keywords":null},{"@type":"Article","@id":"https:\/\/www.safs.sk\/dvere-ako-bezpecnostny-ale-aj-dizajnovy-prvok\/","headline":"Dvere ako bezpe\u010dnostn\u00fd, ale aj dizajnov\u00fd prvok","url":"https:\/\/www.safs.sk\/dvere-ako-bezpecnostny-ale-aj-dizajnovy-prvok\/","datePublished":"2022-12-20","dateModified":"2023-04-28","mainEntityOfPage":"https:\/\/www.safs.sk\/dvere-ako-bezpecnostny-ale-aj-dizajnovy-prvok\/","author":{"@type":"Person","@id":"https:\/\/www.safs.sk\/author\/#Person","name":"","url":"https:\/\/www.safs.sk\/author\/","identifier":1,"image":{"@type":"ImageObject","@id":"https:\/\/secure.gravatar.com\/avatar\/60cfa630c84b6c399b95e807e4bc5b6bfe4f26a47dceacbf179d7148760edc6a?s=96&d=mm&r=g","url":"https:\/\/secure.gravatar.com\/avatar\/60cfa630c84b6c399b95e807e4bc5b6bfe4f26a47dceacbf179d7148760edc6a?s=96&d=mm&r=g","height":96,"width":96}},"publisher":{"@type":"Organization","name":"safs.sk","logo":{"@type":"ImageObject","@id":"\/logo.png","url":"\/logo.png","width":600,"height":60}},"image":{"@type":"ImageObject","@id":"https:\/\/www.safs.sk\/wp-content\/uploads\/dvere_iISEFu.jpg","url":"https:\/\/www.safs.sk\/wp-content\/uploads\/dvere_iISEFu.jpg","height":0,"width":0},"wordCount":592,"keywords":null},{"@type":"Article","@id":"https:\/\/www.safs.sk\/skuska-trpezlivosti\/","headline":"Sk\u00fa\u0161ka trpezlivosti?","url":"https:\/\/www.safs.sk\/skuska-trpezlivosti\/","datePublished":"2022-12-19","dateModified":"2023-12-27","mainEntityOfPage":"https:\/\/www.safs.sk\/skuska-trpezlivosti\/","author":{"@type":"Person","@id":"https:\/\/www.safs.sk\/author\/#Person","name":"","url":"https:\/\/www.safs.sk\/author\/","identifier":1,"image":{"@type":"ImageObject","@id":"https:\/\/secure.gravatar.com\/avatar\/60cfa630c84b6c399b95e807e4bc5b6bfe4f26a47dceacbf179d7148760edc6a?s=96&d=mm&r=g","url":"https:\/\/secure.gravatar.com\/avatar\/60cfa630c84b6c399b95e807e4bc5b6bfe4f26a47dceacbf179d7148760edc6a?s=96&d=mm&r=g","height":96,"width":96}},"publisher":{"@type":"Organization","name":"safs.sk","logo":{"@type":"ImageObject","@id":"\/logo.png","url":"\/logo.png","width":600,"height":60}},"image":null,"wordCount":236,"keywords":null},{"@type":"Article","@id":"https:\/\/www.safs.sk\/prevadzkujete-restauracne-zariadenie-v-tom-pripade-by-ste-mali-zabezpecit-zber-kuchynskeho-oleja\/","headline":"Prev\u00e1dzkujete re\u0161taura\u010dn\u00e9 zariadenie? V tom pr\u00edpade by ste mali zabezpe\u010di\u0165 zber kuchynsk\u00e9ho oleja.","url":"https:\/\/www.safs.sk\/prevadzkujete-restauracne-zariadenie-v-tom-pripade-by-ste-mali-zabezpecit-zber-kuchynskeho-oleja\/","datePublished":"2022-12-18","dateModified":"2023-04-28","mainEntityOfPage":"https:\/\/www.safs.sk\/prevadzkujete-restauracne-zariadenie-v-tom-pripade-by-ste-mali-zabezpecit-zber-kuchynskeho-oleja\/","author":{"@type":"Person","@id":"https:\/\/www.safs.sk\/author\/#Person","name":"","url":"https:\/\/www.safs.sk\/author\/","identifier":1,"image":{"@type":"ImageObject","@id":"https:\/\/secure.gravatar.com\/avatar\/60cfa630c84b6c399b95e807e4bc5b6bfe4f26a47dceacbf179d7148760edc6a?s=96&d=mm&r=g","url":"https:\/\/secure.gravatar.com\/avatar\/60cfa630c84b6c399b95e807e4bc5b6bfe4f26a47dceacbf179d7148760edc6a?s=96&d=mm&r=g","height":96,"width":96}},"publisher":{"@type":"Organization","name":"safs.sk","logo":{"@type":"ImageObject","@id":"\/logo.png","url":"\/logo.png","width":600,"height":60}},"image":{"@type":"ImageObject","@id":"https:\/\/www.safs.sk\/wp-content\/uploads\/panvicka_d4kAwq.jpg","url":"https:\/\/www.safs.sk\/wp-content\/uploads\/panvicka_d4kAwq.jpg","height":0,"width":0},"wordCount":544,"keywords":null}]},{"@context":"https:\/\/schema.org","@type":"WebSite","@id":"https:\/\/www.safs.sk\/#website","name":"Safs","url":"https:\/\/www.safs.sk","potentialAction":{"@type":"SearchAction","target":"https:\/\/www.safs.sk\/?s={search_term_string}","query-input":"required name=search_term_string"}}]