{"@context":"https:\/\/schema.org\/","@type":"CollectionPage","@id":"https:\/\/www.safs.sk\/moda\/#CollectionPage","headline":"M\u00f3da Category","description":"","url":"https:\/\/www.safs.sk\/moda\/","hasPart":[{"@type":"Article","@id":"https:\/\/www.safs.sk\/siltovka-nie-len-pre-sport\/","headline":"\u0160iltovka nie len pre \u0161port","url":"https:\/\/www.safs.sk\/siltovka-nie-len-pre-sport\/","datePublished":"2025-03-02","dateModified":"2023-04-28","mainEntityOfPage":"https:\/\/www.safs.sk\/siltovka-nie-len-pre-sport\/","author":{"@type":"Person","@id":"https:\/\/www.safs.sk\/author\/#Person","name":"","url":"https:\/\/www.safs.sk\/author\/","identifier":1,"image":{"@type":"ImageObject","@id":"https:\/\/secure.gravatar.com\/avatar\/60cfa630c84b6c399b95e807e4bc5b6bfe4f26a47dceacbf179d7148760edc6a?s=96&d=mm&r=g","url":"https:\/\/secure.gravatar.com\/avatar\/60cfa630c84b6c399b95e807e4bc5b6bfe4f26a47dceacbf179d7148760edc6a?s=96&d=mm&r=g","height":96,"width":96}},"publisher":{"@type":"Organization","name":"safs.sk","logo":{"@type":"ImageObject","@id":"\/logo.png","url":"\/logo.png","width":600,"height":60}},"image":{"@type":"ImageObject","@id":"https:\/\/www.safs.sk\/wp-content\/uploads\/img_a297961_w16799_t1553004855.jpg","url":"https:\/\/www.safs.sk\/wp-content\/uploads\/img_a297961_w16799_t1553004855.jpg","height":0,"width":0},"keywords":null},{"@type":"Article","@id":"https:\/\/www.safs.sk\/preco-je-drevo-dolezitym-materialom-na-stavanie-zahradnych-chat\/","headline":"Pre\u010do je drevo d\u00f4le\u017eit\u00fdm materi\u00e1lom na stavanie z\u00e1hradn\u00fdch ch\u00e1t?","url":"https:\/\/www.safs.sk\/preco-je-drevo-dolezitym-materialom-na-stavanie-zahradnych-chat\/","datePublished":"2019-12-09","dateModified":"2023-04-28","mainEntityOfPage":"https:\/\/www.safs.sk\/preco-je-drevo-dolezitym-materialom-na-stavanie-zahradnych-chat\/","author":{"@type":"Person","@id":"https:\/\/www.safs.sk\/author\/#Person","name":"","url":"https:\/\/www.safs.sk\/author\/","identifier":1,"image":{"@type":"ImageObject","@id":"https:\/\/secure.gravatar.com\/avatar\/60cfa630c84b6c399b95e807e4bc5b6bfe4f26a47dceacbf179d7148760edc6a?s=96&d=mm&r=g","url":"https:\/\/secure.gravatar.com\/avatar\/60cfa630c84b6c399b95e807e4bc5b6bfe4f26a47dceacbf179d7148760edc6a?s=96&d=mm&r=g","height":96,"width":96}},"publisher":{"@type":"Organization","name":"safs.sk","logo":{"@type":"ImageObject","@id":"\/logo.png","url":"\/logo.png","width":600,"height":60}},"image":{"@type":"ImageObject","@id":"https:\/\/www.safs.sk\/wp-content\/uploads\/img_a308903_w16493_t1576852343.jpg","url":"https:\/\/www.safs.sk\/wp-content\/uploads\/img_a308903_w16493_t1576852343.jpg","height":0,"width":0},"keywords":null},{"@type":"Article","@id":"https:\/\/www.safs.sk\/vypadavanie-vlasov\/","headline":"Vypad\u00e1vanie vlasov","url":"https:\/\/www.safs.sk\/vypadavanie-vlasov\/","datePublished":"2019-11-14","dateModified":"2023-04-28","mainEntityOfPage":"https:\/\/www.safs.sk\/vypadavanie-vlasov\/","author":{"@type":"Person","@id":"https:\/\/www.safs.sk\/author\/#Person","name":"","url":"https:\/\/www.safs.sk\/author\/","identifier":1,"image":{"@type":"ImageObject","@id":"https:\/\/secure.gravatar.com\/avatar\/60cfa630c84b6c399b95e807e4bc5b6bfe4f26a47dceacbf179d7148760edc6a?s=96&d=mm&r=g","url":"https:\/\/secure.gravatar.com\/avatar\/60cfa630c84b6c399b95e807e4bc5b6bfe4f26a47dceacbf179d7148760edc6a?s=96&d=mm&r=g","height":96,"width":96}},"publisher":{"@type":"Organization","name":"safs.sk","logo":{"@type":"ImageObject","@id":"\/logo.png","url":"\/logo.png","width":600,"height":60}},"image":{"@type":"ImageObject","@id":"https:\/\/www.safs.sk\/wp-content\/uploads\/img_a300906_w16666_t1558368359.jpg","url":"https:\/\/www.safs.sk\/wp-content\/uploads\/img_a300906_w16666_t1558368359.jpg","height":0,"width":0},"keywords":null},{"@type":"Article","@id":"https:\/\/www.safs.sk\/vhodna-panska-taska\/","headline":"Vhodn\u00e1 p\u00e1nska ta\u0161ka","url":"https:\/\/www.safs.sk\/vhodna-panska-taska\/","datePublished":"2019-11-09","dateModified":"2023-04-28","mainEntityOfPage":"https:\/\/www.safs.sk\/vhodna-panska-taska\/","author":{"@type":"Person","@id":"https:\/\/www.safs.sk\/author\/#Person","name":"","url":"https:\/\/www.safs.sk\/author\/","identifier":1,"image":{"@type":"ImageObject","@id":"https:\/\/secure.gravatar.com\/avatar\/60cfa630c84b6c399b95e807e4bc5b6bfe4f26a47dceacbf179d7148760edc6a?s=96&d=mm&r=g","url":"https:\/\/secure.gravatar.com\/avatar\/60cfa630c84b6c399b95e807e4bc5b6bfe4f26a47dceacbf179d7148760edc6a?s=96&d=mm&r=g","height":96,"width":96}},"publisher":{"@type":"Organization","name":"safs.sk","logo":{"@type":"ImageObject","@id":"\/logo.png","url":"\/logo.png","width":600,"height":60}},"image":{"@type":"ImageObject","@id":"https:\/\/www.safs.sk\/wp-content\/uploads\/img_a299502_w16641_t1555583097.jpg","url":"https:\/\/www.safs.sk\/wp-content\/uploads\/img_a299502_w16641_t1555583097.jpg","height":0,"width":0},"keywords":null},{"@type":"Article","@id":"https:\/\/www.safs.sk\/lacne-za-lacno\/","headline":"Lacn\u00e9 za lacno","url":"https:\/\/www.safs.sk\/lacne-za-lacno\/","datePublished":"2019-05-25","dateModified":"2023-04-28","mainEntityOfPage":"https:\/\/www.safs.sk\/lacne-za-lacno\/","author":{"@type":"Person","@id":"https:\/\/www.safs.sk\/author\/#Person","name":"","url":"https:\/\/www.safs.sk\/author\/","identifier":1,"image":{"@type":"ImageObject","@id":"https:\/\/secure.gravatar.com\/avatar\/60cfa630c84b6c399b95e807e4bc5b6bfe4f26a47dceacbf179d7148760edc6a?s=96&d=mm&r=g","url":"https:\/\/secure.gravatar.com\/avatar\/60cfa630c84b6c399b95e807e4bc5b6bfe4f26a47dceacbf179d7148760edc6a?s=96&d=mm&r=g","height":96,"width":96}},"publisher":{"@type":"Organization","name":"safs.sk","logo":{"@type":"ImageObject","@id":"\/logo.png","url":"\/logo.png","width":600,"height":60}},"image":{"@type":"ImageObject","@id":"https:\/\/www.safs.sk\/wp-content\/uploads\/img_a301919_w16799_t1560070629.jpg","url":"https:\/\/www.safs.sk\/wp-content\/uploads\/img_a301919_w16799_t1560070629.jpg","height":0,"width":0},"keywords":null},{"@type":"Article","@id":"https:\/\/www.safs.sk\/toto-vam-pomoze-s-kilami\/","headline":"Toto v\u00e1m pom\u00f4\u017ee s kilami","url":"https:\/\/www.safs.sk\/toto-vam-pomoze-s-kilami\/","datePublished":"2018-12-23","dateModified":"2023-09-20","mainEntityOfPage":"https:\/\/www.safs.sk\/toto-vam-pomoze-s-kilami\/","author":{"@type":"Person","@id":"https:\/\/www.safs.sk\/author\/#Person","name":"","url":"https:\/\/www.safs.sk\/author\/","identifier":1,"image":{"@type":"ImageObject","@id":"https:\/\/secure.gravatar.com\/avatar\/60cfa630c84b6c399b95e807e4bc5b6bfe4f26a47dceacbf179d7148760edc6a?s=96&d=mm&r=g","url":"https:\/\/secure.gravatar.com\/avatar\/60cfa630c84b6c399b95e807e4bc5b6bfe4f26a47dceacbf179d7148760edc6a?s=96&d=mm&r=g","height":96,"width":96}},"publisher":{"@type":"Organization","name":"safs.sk","logo":{"@type":"ImageObject","@id":"\/logo.png","url":"\/logo.png","width":600,"height":60}},"image":{"@type":"ImageObject","@id":"https:\/\/www.safs.sk\/wp-content\/uploads\/img_a295236_w16682_t1546209486.jpg","url":"https:\/\/www.safs.sk\/wp-content\/uploads\/img_a295236_w16682_t1546209486.jpg","height":0,"width":0},"keywords":null},{"@type":"Article","@id":"https:\/\/www.safs.sk\/chudnite-rychlejsie\/","headline":"Chudnite r\u00fdchlej\u0161ie","url":"https:\/\/www.safs.sk\/chudnite-rychlejsie\/","datePublished":"2018-11-12","dateModified":"2023-04-28","mainEntityOfPage":"https:\/\/www.safs.sk\/chudnite-rychlejsie\/","author":{"@type":"Person","@id":"https:\/\/www.safs.sk\/author\/#Person","name":"","url":"https:\/\/www.safs.sk\/author\/","identifier":1,"image":{"@type":"ImageObject","@id":"https:\/\/secure.gravatar.com\/avatar\/60cfa630c84b6c399b95e807e4bc5b6bfe4f26a47dceacbf179d7148760edc6a?s=96&d=mm&r=g","url":"https:\/\/secure.gravatar.com\/avatar\/60cfa630c84b6c399b95e807e4bc5b6bfe4f26a47dceacbf179d7148760edc6a?s=96&d=mm&r=g","height":96,"width":96}},"publisher":{"@type":"Organization","name":"safs.sk","logo":{"@type":"ImageObject","@id":"\/logo.png","url":"\/logo.png","width":600,"height":60}},"image":{"@type":"ImageObject","@id":"https:\/\/www.safs.sk\/wp-content\/uploads\/img_a294300_w16654_t1543748828.jpg","url":"https:\/\/www.safs.sk\/wp-content\/uploads\/img_a294300_w16654_t1543748828.jpg","height":0,"width":0},"keywords":null},{"@type":"Article","@id":"https:\/\/www.safs.sk\/ako-na-francuzsku-manikuru\/","headline":"Ako na franc\u00fazsku manik\u00faru","url":"https:\/\/www.safs.sk\/ako-na-francuzsku-manikuru\/","datePublished":"2018-10-28","dateModified":"2023-04-28","mainEntityOfPage":"https:\/\/www.safs.sk\/ako-na-francuzsku-manikuru\/","author":{"@type":"Person","@id":"https:\/\/www.safs.sk\/author\/#Person","name":"","url":"https:\/\/www.safs.sk\/author\/","identifier":1,"image":{"@type":"ImageObject","@id":"https:\/\/secure.gravatar.com\/avatar\/60cfa630c84b6c399b95e807e4bc5b6bfe4f26a47dceacbf179d7148760edc6a?s=96&d=mm&r=g","url":"https:\/\/secure.gravatar.com\/avatar\/60cfa630c84b6c399b95e807e4bc5b6bfe4f26a47dceacbf179d7148760edc6a?s=96&d=mm&r=g","height":96,"width":96}},"publisher":{"@type":"Organization","name":"safs.sk","logo":{"@type":"ImageObject","@id":"\/logo.png","url":"\/logo.png","width":600,"height":60}},"image":{"@type":"ImageObject","@id":"https:\/\/www.safs.sk\/wp-content\/uploads\/img_a295095_w16671_t1546023781.jpg","url":"https:\/\/www.safs.sk\/wp-content\/uploads\/img_a295095_w16671_t1546023781.jpg","height":0,"width":0},"keywords":null}]}