[{"@context":"https:\/\/schema.org\/","@type":"Article","@id":"https:\/\/www.safs.sk\/aky-respirator-si-vybrat-a-preco\/#Article","mainEntityOfPage":"https:\/\/www.safs.sk\/aky-respirator-si-vybrat-a-preco\/","headline":"Ak\u00fd respir\u00e1tor si vybra\u0165 a pre\u010do?","name":"Ak\u00fd respir\u00e1tor si vybra\u0165 a pre\u010do?","description":"Respir\u00e1tory maj\u00fa pre s\u00fa\u010dasn\u00fa situ\u00e1ciu ve\u013ek\u00fa v\u00fdhodu v tom, \u017ee chr\u00e1nia na\u0161e d\u00fdchacie cesty pred vysok\u00fdm percentom \u0161kodliv\u00fdch \u010dast\u00edc. Chr\u00e1nia n\u00e1s pred vd\u00fdchnut\u00edm prachu, aeros\u00f3lu a \u010do je dnes najd\u00f4le\u017eitej\u0161ie- pred vz\u00e1jomn\u00fdm \u0161\u00edren\u00edm koronav\u00edrusu. To znamen\u00e1, \u017ee v\u00fdznam oby\u010dajn\u00e9ho r\u00fa\u0161ka tkvie prim\u00e1rne v tom, \u017ee ak ho m\u00e1me na d\u00fdchac\u00edch cest\u00e1ch, chr\u00e1nime t\u00fdm predov\u0161etk\u00fdm \u013eud\u00ed&hellip; <br> <a class=\"read-more\" href=\"https:\/\/www.safs.sk\/aky-respirator-si-vybrat-a-preco\/\">\u010c\u00edst v\u00edce.<\/a>","datePublished":"2021-03-26","dateModified":"2023-09-02","author":{"@type":"Person","@id":"https:\/\/www.safs.sk\/author\/#Person","name":"","url":"https:\/\/www.safs.sk\/author\/","identifier":1,"image":{"@type":"ImageObject","@id":"https:\/\/secure.gravatar.com\/avatar\/60cfa630c84b6c399b95e807e4bc5b6bfe4f26a47dceacbf179d7148760edc6a?s=96&d=mm&r=g","url":"https:\/\/secure.gravatar.com\/avatar\/60cfa630c84b6c399b95e807e4bc5b6bfe4f26a47dceacbf179d7148760edc6a?s=96&d=mm&r=g","height":96,"width":96}},"publisher":{"@type":"Organization","name":"safs.sk","logo":{"@type":"ImageObject","@id":"\/logo.png","url":"\/logo.png","width":600,"height":60}},"url":"https:\/\/www.safs.sk\/aky-respirator-si-vybrat-a-preco\/","wordCount":235,"articleBody":"          Respir\u00e1tory maj\u00fa pre s\u00fa\u010dasn\u00fa situ\u00e1ciu ve\u013ek\u00fa v\u00fdhodu v tom, \u017ee chr\u00e1nia na\u0161e d\u00fdchacie cesty pred vysok\u00fdm percentom \u0161kodliv\u00fdch \u010dast\u00edc. Chr\u00e1nia n\u00e1s pred vd\u00fdchnut\u00edm prachu, aeros\u00f3lu a \u010do je dnes najd\u00f4le\u017eitej\u0161ie- pred vz\u00e1jomn\u00fdm \u0161\u00edren\u00edm koronav\u00edrusu. To znamen\u00e1, \u017ee v\u00fdznam oby\u010dajn\u00e9ho r\u00fa\u0161ka tkvie prim\u00e1rne v tom, \u017ee ak ho m\u00e1me na d\u00fdchac\u00edch cest\u00e1ch, chr\u00e1nime t\u00fdm predov\u0161etk\u00fdm \u013eud\u00ed v na\u0161ej bl\u00edzkosti. S \u00fa\u010dinn\u00fdm respir\u00e1torom ale vo ve\u013ekej miere chr\u00e1nime seba, a to pred spomenut\u00fdmi \u0161kodlivinami, \u010d\u00edm v sympatickej miere zni\u017eujeme pravdepodobnos\u0165 n\u00e1kazy a ochorenia. M\u00e1te na v\u00fdber Respir\u00e1tory del\u00edme do troch kateg\u00f3ri\u00ed, pod\u013ea stup\u0148a ochrany. Za zmienku dnes ale stoja predov\u0161etk\u00fdm dve mo\u017enosti. Respir\u00e1tor FFP2, ktor\u00fd dok\u00e1\u017ee zachyti\u0165 95 % \u010dast\u00edc a je v s\u00fa\u010dasnosti nie\u010d\u00edm ako spo\u013eahlivou strednou cestou, zlat\u00fdm stredom. Dok\u00e1\u017ee zachyti\u0165 \u010dastice vo ve\u013ekosti, v akej sa pren\u00e1\u0161a takisto koronav\u00edrus, ide t\u00fdm o jedno z funk\u010dn\u00fdch rie\u0161en\u00ed. Ak ale chcete nie\u010do viac, v s\u00fa\u010dasnosti najvy\u0161\u0161iu triedu ochrany predstavuj\u00fa respir\u00e1tory FFP3, \u010do zachytia minim\u00e1lne 99% \u0161kodliv\u00fdch \u010dast\u00edc, s\u00fa teda naj\u00fa\u010dinnej\u0161ie.  "},{"@context":"https:\/\/schema.org\/","@type":"BreadcrumbList","itemListElement":[{"@type":"ListItem","position":1,"name":"Ak\u00fd respir\u00e1tor si vybra\u0165 a pre\u010do?","item":"https:\/\/www.safs.sk\/aky-respirator-si-vybrat-a-preco\/#breadcrumbitem"}]}]