[{"@context":"https:\/\/schema.org\/","@type":"Article","@id":"https:\/\/www.safs.sk\/ako-bude-vyzerat-vas-dom\/#Article","mainEntityOfPage":"https:\/\/www.safs.sk\/ako-bude-vyzerat-vas-dom\/","headline":"Ako bude vyzera\u0165 v\u00e1\u0161 dom?","name":"Ako bude vyzera\u0165 v\u00e1\u0161 dom?","description":"Materi\u00e1l je pri zaria\u010fovan\u00ed domu nie\u010do naozaj ve\u013emi d\u00f4le\u017eit\u00e9. A aj ke\u010f m\u00e1te pocit, \u017ee to mo\u017eno nie je nie\u010do, na \u010do by ste sa mali zamera\u0165 a s \u010d\u00edm by ste mali pracova\u0165, verte tomu, \u017ee nakoniec to bude presne to, s \u010d\u00edm sa budete vedie\u0165 zmieri\u0165. Verte tomu, \u017ee niektor\u00e9 veci s\u00fa naozaj&hellip; <br> <a class=\"read-more\" href=\"https:\/\/www.safs.sk\/ako-bude-vyzerat-vas-dom\/\">\u010c\u00edst v\u00edce.<\/a>","datePublished":"2018-07-06","dateModified":"2023-04-28","author":{"@type":"Person","@id":"https:\/\/www.safs.sk\/author\/#Person","name":"","url":"https:\/\/www.safs.sk\/author\/","identifier":1,"image":{"@type":"ImageObject","@id":"https:\/\/secure.gravatar.com\/avatar\/60cfa630c84b6c399b95e807e4bc5b6bfe4f26a47dceacbf179d7148760edc6a?s=96&d=mm&r=g","url":"https:\/\/secure.gravatar.com\/avatar\/60cfa630c84b6c399b95e807e4bc5b6bfe4f26a47dceacbf179d7148760edc6a?s=96&d=mm&r=g","height":96,"width":96}},"publisher":{"@type":"Organization","name":"safs.sk","logo":{"@type":"ImageObject","@id":"\/logo.png","url":"\/logo.png","width":600,"height":60}},"image":{"@type":"ImageObject","@id":"https:\/\/www.safs.sk\/wp-content\/uploads\/img_a290095_w16565_t1534156805.jpg","url":"https:\/\/www.safs.sk\/wp-content\/uploads\/img_a290095_w16565_t1534156805.jpg","height":0,"width":0},"url":"https:\/\/www.safs.sk\/ako-bude-vyzerat-vas-dom\/","about":["Tovar"],"wordCount":423,"articleBody":"       Materi\u00e1l je pri zaria\u010fovan\u00ed domu nie\u010do naozaj ve\u013emi d\u00f4le\u017eit\u00e9. A aj ke\u010f m\u00e1te pocit, \u017ee to mo\u017eno nie je nie\u010do, na \u010do by ste sa mali zamera\u0165 a s \u010d\u00edm by ste mali pracova\u0165, verte tomu, \u017ee nakoniec to bude presne to, s \u010d\u00edm sa budete vedie\u0165 zmieri\u0165. Verte tomu, \u017ee niektor\u00e9 veci s\u00fa naozaj ove\u013ea d\u00f4le\u017eitej\u0161ie, ako by ste si na prv\u00fd pocit mysleli. V\u0161etko, \u010do je okolo v\u00e1s, m\u00e1 svoj vlastn\u00fd v\u00fdznam. V\u0161teko okolo v\u00e1s v\u00e1s ovplyv\u0148uje, a to aj materi\u00e1l, ktor\u00fd m\u00e1te v dome. Vedeli ste o tom, \u017ee presne takto to je? Preto\u017ee mnoh\u00ed \u013eudia materi\u00e1ly priam maxim\u00e1lne podce\u0148uj\u00fa.Z\u00e1le\u017e\u00ed v\u00e1m na tom? Je jasn\u00e9, \u017ee by ste mali pracova\u0165 na v\u0161etkom, na \u010dom v\u00e1m z\u00e1le\u017e\u00ed a je jasn\u00e9, \u017ee to, \u017ee to nie je d\u00f4le\u017eit\u00e9 pre niekoho in\u00e9ho e\u0161te neznamen\u00e1, \u017ee to nem\u00e1 svoj vlastn\u00fd v\u00fdznam a \u017ee by ste sa na to nemohli zamera\u0165. Je to predsa len iba na v\u00e1s. Ak v\u00e1m je to jasn\u00e9, mali by ste urobi\u0165 maximum. Je to v\u0161ak iba o v\u00e1s. Verte si a verte aj svojmu n\u00e1zoru. Teraz v\u0161ak mus\u00edte myslie\u0165 na to, ako to naozaj urob\u00edte. Sk\u00faste to predsa len s materi\u00e1lmi?Materi\u00e1l, ktor\u00fd si zamilujete Ak chcete zisti\u0165, ktor\u00fd materi\u00e1l je pre v\u00e1s ten najlep\u0161\u00ed, mali by ste v prvom rade sk\u00fasi\u0165 napr\u00edklad nerezov\u00e9 z\u00e1bradlie. Verte tomu, \u017ee aj tak\u00e1to mali\u010dkos\u0165 dok\u00e1\u017ee by\u0165 naozaj perfektn\u00e1. A najlep\u0161ie na tom je, \u017ee tento materi\u00e1l je nie\u010do, \u010do v\u00e1s bude bavi\u0165 a \u010do je pre v\u00e1s vesel\u00e9 a \u00fa\u017easn\u00e9. Teraz sa v\u0161ak zamerajte aj na to, ako by ste ich mohli a aj vedeli skombinova\u0165. V\u017edy, ke\u010f sa na to pozriete takto, nemus\u00edte sa b\u00e1\u0165 toho, \u017ee v\u00e1\u0161 domov nebude vyzera\u0165 dobre. Ke\u010f sa o to postar\u00e1te, m\u00f4\u017eete si veri\u0165 v tom, \u017ee ka\u017ed\u00fd v\u00e1\u0161 domov, s ktor\u00fdm sa bude da\u0165 pracova\u0165, bude naozaj vyzera\u0165 hlavne pod\u013ea toho, ako sa k tomu postav\u00edte. Len v\u00e1\u0161 postoj je naozaj d\u00f4le\u017eit\u00fd. Teraz je to v\u0161ak u\u017e iba o tom, ako to cel\u00e9 skombinujete. Kombin\u00e1cia toho, ako to vyzer\u00e1 a toho, \u010do k tomu d\u00e1te, je naozaj nesmrte\u013en\u00e1.  "},{"@context":"https:\/\/schema.org\/","@type":"BreadcrumbList","itemListElement":[{"@type":"ListItem","position":1,"name":"Ako bude vyzera\u0165 v\u00e1\u0161 dom?","item":"https:\/\/www.safs.sk\/ako-bude-vyzerat-vas-dom\/#breadcrumbitem"}]}]