[{"@context":"https:\/\/schema.org\/","@type":"Article","@id":"https:\/\/www.safs.sk\/aby-vas-manikura-netrapila-kazdy-den\/#Article","mainEntityOfPage":"https:\/\/www.safs.sk\/aby-vas-manikura-netrapila-kazdy-den\/","headline":"Aby v\u00e1s manik\u00fara netr\u00e1pila ka\u017ed\u00fd de\u0148","name":"Aby v\u00e1s manik\u00fara netr\u00e1pila ka\u017ed\u00fd de\u0148","description":"V\u0161imli ste si, ako sa v posledn\u00fa dobu rozmohol trend \u00fapravy nechtov? Je to nie\u010do, na \u010do si d\u00e1va ka\u017ed\u00e1 \u017eena pozor. Hlavne tie, ktor\u00e9 pracuj\u00fa v slu\u017eb\u00e1ch, o tom vedia svoje. Tam plat\u00ed skuto\u010dn\u00e9 dek\u00f3rum, ktor\u00e9 nepriamo hovor\u00ed o tom, ako by mali \u017eeny vyzera\u0165 a ako by sa mali oblieka\u0165. V neposlednom rade&hellip; <br> <a class=\"read-more\" href=\"https:\/\/www.safs.sk\/aby-vas-manikura-netrapila-kazdy-den\/\">\u010c\u00edst v\u00edce.<\/a>","datePublished":"2018-02-01","dateModified":"2023-04-28","author":{"@type":"Person","@id":"https:\/\/www.safs.sk\/author\/#Person","name":"","url":"https:\/\/www.safs.sk\/author\/","identifier":1,"image":{"@type":"ImageObject","@id":"https:\/\/secure.gravatar.com\/avatar\/60cfa630c84b6c399b95e807e4bc5b6bfe4f26a47dceacbf179d7148760edc6a?s=96&d=mm&r=g","url":"https:\/\/secure.gravatar.com\/avatar\/60cfa630c84b6c399b95e807e4bc5b6bfe4f26a47dceacbf179d7148760edc6a?s=96&d=mm&r=g","height":96,"width":96}},"publisher":{"@type":"Organization","name":"safs.sk","logo":{"@type":"ImageObject","@id":"\/logo.png","url":"\/logo.png","width":600,"height":60}},"image":{"@type":"ImageObject","@id":"https:\/\/www.safs.sk\/wp-content\/uploads\/img_a285781_w2016_t1521019028.jpg","url":"https:\/\/www.safs.sk\/wp-content\/uploads\/img_a285781_w2016_t1521019028.jpg","height":0,"width":0},"url":"https:\/\/www.safs.sk\/aby-vas-manikura-netrapila-kazdy-den\/","about":["Tovar"],"wordCount":410,"articleBody":"   V\u0161imli ste si, ako sa v posledn\u00fa dobu rozmohol trend \u00fapravy nechtov? Je to nie\u010do, na \u010do si d\u00e1va ka\u017ed\u00e1 \u017eena pozor. Hlavne tie, ktor\u00e9 pracuj\u00fa v slu\u017eb\u00e1ch, o tom vedia svoje. Tam plat\u00ed skuto\u010dn\u00e9 dek\u00f3rum, ktor\u00e9 nepriamo hovor\u00ed o tom, ako by mali \u017eeny vyzera\u0165 a ako by sa mali oblieka\u0165. V neposlednom rade by sa v\u0161ak hlavne mali sna\u017ei\u0165, aby vyzerali upraven\u00e9. Teraz je to u\u017e v\u0161ak nielen o tom, aby \u017eena bola oble\u010den\u00e1 v slu\u0161n\u00fdch veciach a nemala \u0161pinav\u00e9 nechty. Je to u\u017e o \u0161t\u00fdle, ktor\u00fd sa vy\u017eaduje a ktor\u00fd mo\u017eno nie v\u017edy lichot\u00ed v\u0161etk\u00fdm, ale ke\u010f raz m\u00e1te tak\u00fato pr\u00e1cu, mus\u00edte sa s t\u00fdm zmieri\u0165.Pr\u00e1ca v kancel\u00e1rii mo\u017eno v\u0161etk\u00fdm nevyhovuje, no vy\u017eaduje si ist\u00e9 pravidl\u00e1 Pravidl\u00e1 o obliekan\u00ed sme u\u017e zmienili. Je nemyslite\u013en\u00e9, aby ste chodili do pr\u00e1ce v rifliach alebo v nejak\u00fdch nevhodn\u00fdch \u010di neslu\u0161n\u00fdch veciach. No dnes sa u\u017e \u017eeny ber\u00fa ako \u010dlovek, ktor\u00fd firmu reprezentuje a pr\u00e1ve preto by mala ma\u0165 na sebe to najlep\u0161ie, \u010do doma m\u00e1. Mo\u017eno nad t\u00fdm niekto oh\u0155\u0148a nos, ale skuto\u010dne je to tak. A nejde len o sukne, \u0161aty a top\u00e1nky na op\u00e4tku. Ide aj o celkov\u00fa viz\u00e1\u017e, \u00fapravu vlasov a v neposlednom rade aj o nechty.Manik\u00fara je ur\u010dite nevyhnutn\u00e1, ke\u010f ste v kontakte s \u013eu\u010fmi Preto\u017ee pr\u00e1ve \u013eudia si v\u0161\u00edmaj\u00fa va\u0161e ruky. Nehovor\u00edme teraz o tom, aby ste nosili paz\u00farisk\u00e1, ktor\u00e9 \u013eud\u00ed akur\u00e1t tak odr\u00e1dzaj\u00fa. Hovor\u00edme o peknej manik\u00fare, ktor\u00e1 bude hovori\u0165 len o tom, \u017ee ste sofistikovan\u00e1. Ke\u010f v\u0161ak predpoklad\u00e1me, \u017ee nem\u00e1te pr\u00edli\u0161 ve\u013ea \u010dasu si ich ka\u017ed\u00fd de\u0148 lakova\u0165, ur\u010dite by v\u00e1m vyhovovalo nie\u010do ako uv gel. Pr\u00e1ve ten toti\u017eto zabezpe\u010duje, \u017ee bud\u00fa va\u0161e nechty vyzera\u0165 upravene hne\u010f nieko\u013eko t\u00fd\u017ed\u0148ov. Nemus\u00edte sa t\u00fdm zaobera\u0165 a stresova\u0165, preto\u017ee nie\u010do tak\u00e9to vyzer\u00e1 prirodzene, aspo\u0148 teda do tej miery, do akej to vy samy dovol\u00edte. Nemus\u00edte ma\u0165 r\u00f4zne ozdoby a krik\u013eav\u00e9 farby (aj ke\u010f m\u00f4\u017eete), jednoducho si dajte na nechty nie\u010do elegantn\u00e9, aby to vypovedalo o va\u0161ej seri\u00f3znosti.  "},{"@context":"https:\/\/schema.org\/","@type":"BreadcrumbList","itemListElement":[{"@type":"ListItem","position":1,"name":"Aby v\u00e1s manik\u00fara netr\u00e1pila ka\u017ed\u00fd de\u0148","item":"https:\/\/www.safs.sk\/aby-vas-manikura-netrapila-kazdy-den\/#breadcrumbitem"}]}]